{"id":2529,"date":"2026-09-04T08:50:59","date_gmt":"2026-09-04T08:50:59","guid":{"rendered":"https:\/\/aifec.eu\/news\/?p=2529"},"modified":"2026-09-04T08:52:35","modified_gmt":"2026-09-04T08:52:35","slug":"printeos-ulikett","status":"publish","type":"post","link":"https:\/\/aifec.eu\/news\/printeos-ulikett\/","title":{"rendered":"Printeos incorpora ULIKETT y refuerza su posici\u00f3n en el mercado europeo de etiquetas"},"content":{"rendered":"\n<p>Printeos ha cerrado la adquisici\u00f3n de ULIKETT, fabricante de etiquetas con sede en Viena, en un nuevo paso de su estrategia de crecimiento e internacionalizaci\u00f3n. ULIKETT factura unos 20 millones de euros, cuenta con 95 empleados y combina tecnolog\u00edas de impresi\u00f3n flexogr\u00e1fica, offset y digital, con una fuerte presencia en Austria y clientes en Alemania.<\/p>\n\n\n\n<p>Con esta incorporaci\u00f3n, Austria se convierte en un nuevo pa\u00eds dentro de la presencia industrial del Grupo, marcando su entrada directa en los mercados de habla alemana. Printeos alcanza as\u00ed las 20 f\u00e1bricas de etiquetas y 24 centros productivos en total, con una facturaci\u00f3n cercana a los 320 millones de euros anuales (180 millones correspondientes a la divisi\u00f3n de etiquetas).<\/p>\n\n\n\n<p>Hanno Schwarzenegger asumir\u00e1 la Direcci\u00f3n General de ULIKETT y liderar\u00e1 su integraci\u00f3n en el Grupo.<\/p>\n","protected":false},"excerpt":{"rendered":"<p>Printeos ha cerrado la adquisici\u00f3n de ULIKETT, fabricante de etiquetas con sede en Viena, en un nuevo paso de su estrategia de crecimiento e internacionalizaci\u00f3n. ULIKETT factura unos 20 millones de euros, cuenta con 95 empleados y combina tecnolog\u00edas de impresi\u00f3n flexogr\u00e1fica, offset y digital, con una fuerte presencia en Austria y clientes en Alemania.&hellip;<\/p>\n","protected":false},"author":1,"featured_media":2530,"comment_status":"closed","ping_status":"open","sticky":false,"template":"","format":"standard","meta":[],"categories":[3,2,10],"tags":[],"yoast_head":"<!-- This site is optimized with the Yoast SEO plugin v16.0.2 - https:\/\/yoast.com\/wordpress\/plugins\/seo\/ -->\n<title>Printeos incorpora ULIKETT y refuerza su posici\u00f3n en el mercado europeo de etiquetas - Aifec News<\/title>\n<meta name=\"description\" content=\"Printeos incorpora ULIKETT y refuerza su posici\u00f3n en el mercado europeo de etiquetas.Con esta incorporaci\u00f3n, Austria se convierte en un nuevo pa\u00eds dentro de la presencia industrial del Grupo, marcando su entrada directa en los mercados de habla alemana.\" \/>\n<link rel=\"canonical\" href=\"https:\/\/aifec.eu\/news\/printeos-ulikett\/\" \/>\n<meta property=\"og:locale\" content=\"es_ES\" \/>\n<meta property=\"og:type\" content=\"article\" \/>\n<meta property=\"og:title\" content=\"Printeos incorpora ULIKETT y refuerza su posici\u00f3n en el mercado europeo de etiquetas - Aifec News\" \/>\n<meta property=\"og:description\" content=\"Printeos incorpora ULIKETT y refuerza su posici\u00f3n en el mercado europeo de etiquetas.Con esta incorporaci\u00f3n, Austria se convierte en un nuevo pa\u00eds dentro de la presencia industrial del Grupo, marcando su entrada directa en los mercados de habla alemana.\" \/>\n<meta property=\"og:url\" content=\"https:\/\/aifec.eu\/news\/printeos-ulikett\/\" \/>\n<meta property=\"og:site_name\" content=\"Aifec News\" \/>\n<meta property=\"article:published_time\" content=\"2026-09-04T08:50:59+00:00\" \/>\n<meta property=\"article:modified_time\" content=\"2026-09-04T08:52:35+00:00\" \/>\n<meta property=\"og:image\" content=\"https:\/\/aifec.eu\/news\/wp-content\/uploads\/printeos_ulikett-e1788511947386.jpg\" \/>\n\t<meta property=\"og:image:width\" content=\"893\" \/>\n\t<meta property=\"og:image:height\" content=\"810\" \/>\n<meta name=\"twitter:card\" content=\"summary_large_image\" \/>\n<meta name=\"twitter:label1\" content=\"Tiempo de lectura\">\n\t<meta name=\"twitter:data1\" content=\"1 minuto\">\n<script type=\"application\/ld+json\" class=\"yoast-schema-graph\">{\"@context\":\"https:\/\/schema.org\",\"@graph\":[{\"@type\":\"WebSite\",\"@id\":\"http:\/\/aifec.eu\/news\/#website\",\"url\":\"http:\/\/aifec.eu\/news\/\",\"name\":\"Aifec News\",\"description\":\"El peri\\u00f3dico de la industria de etiquetas en continuo\",\"potentialAction\":[{\"@type\":\"SearchAction\",\"target\":\"http:\/\/aifec.eu\/news\/?s={search_term_string}\",\"query-input\":\"required name=search_term_string\"}],\"inLanguage\":\"es\"},{\"@type\":\"ImageObject\",\"@id\":\"https:\/\/aifec.eu\/news\/printeos-ulikett\/#primaryimage\",\"inLanguage\":\"es\",\"url\":\"https:\/\/aifec.eu\/news\/wp-content\/uploads\/printeos_ulikett-e1788511947386.jpg\",\"width\":893,\"height\":810},{\"@type\":\"WebPage\",\"@id\":\"https:\/\/aifec.eu\/news\/printeos-ulikett\/#webpage\",\"url\":\"https:\/\/aifec.eu\/news\/printeos-ulikett\/\",\"name\":\"Printeos incorpora ULIKETT y refuerza su posici\\u00f3n en el mercado europeo de etiquetas - Aifec News\",\"isPartOf\":{\"@id\":\"http:\/\/aifec.eu\/news\/#website\"},\"primaryImageOfPage\":{\"@id\":\"https:\/\/aifec.eu\/news\/printeos-ulikett\/#primaryimage\"},\"datePublished\":\"2026-09-04T08:50:59+00:00\",\"dateModified\":\"2026-09-04T08:52:35+00:00\",\"author\":{\"@id\":\"http:\/\/aifec.eu\/news\/#\/schema\/person\/6d46059818a98ff411aa257d8037e371\"},\"description\":\"Printeos incorpora ULIKETT y refuerza su posici\\u00f3n en el mercado europeo de etiquetas.Con esta incorporaci\\u00f3n, Austria se convierte en un nuevo pa\\u00eds dentro de la presencia industrial del Grupo, marcando su entrada directa en los mercados de habla alemana.\",\"breadcrumb\":{\"@id\":\"https:\/\/aifec.eu\/news\/printeos-ulikett\/#breadcrumb\"},\"inLanguage\":\"es\",\"potentialAction\":[{\"@type\":\"ReadAction\",\"target\":[\"https:\/\/aifec.eu\/news\/printeos-ulikett\/\"]}]},{\"@type\":\"BreadcrumbList\",\"@id\":\"https:\/\/aifec.eu\/news\/printeos-ulikett\/#breadcrumb\",\"itemListElement\":[{\"@type\":\"ListItem\",\"position\":1,\"item\":{\"@type\":\"WebPage\",\"@id\":\"http:\/\/aifec.eu\/news\/\",\"url\":\"http:\/\/aifec.eu\/news\/\",\"name\":\"Portada\"}},{\"@type\":\"ListItem\",\"position\":2,\"item\":{\"@type\":\"WebPage\",\"@id\":\"https:\/\/aifec.eu\/news\/printeos-ulikett\/\",\"url\":\"https:\/\/aifec.eu\/news\/printeos-ulikett\/\",\"name\":\"Printeos incorpora ULIKETT y refuerza su posici\\u00f3n en el mercado europeo de etiquetas\"}}]},{\"@type\":\"Person\",\"@id\":\"http:\/\/aifec.eu\/news\/#\/schema\/person\/6d46059818a98ff411aa257d8037e371\",\"name\":\"anfec\",\"image\":{\"@type\":\"ImageObject\",\"@id\":\"http:\/\/aifec.eu\/news\/#personlogo\",\"inLanguage\":\"es\",\"url\":\"https:\/\/secure.gravatar.com\/avatar\/fdb5d7427052ec840dd8b6e2cf4db678?s=96&d=mm&r=g\",\"caption\":\"anfec\"}}]}<\/script>\n<!-- \/ Yoast SEO plugin. -->","_links":{"self":[{"href":"https:\/\/aifec.eu\/news\/wp-json\/wp\/v2\/posts\/2529"}],"collection":[{"href":"https:\/\/aifec.eu\/news\/wp-json\/wp\/v2\/posts"}],"about":[{"href":"https:\/\/aifec.eu\/news\/wp-json\/wp\/v2\/types\/post"}],"author":[{"embeddable":true,"href":"https:\/\/aifec.eu\/news\/wp-json\/wp\/v2\/users\/1"}],"replies":[{"embeddable":true,"href":"https:\/\/aifec.eu\/news\/wp-json\/wp\/v2\/comments?post=2529"}],"version-history":[{"count":1,"href":"https:\/\/aifec.eu\/news\/wp-json\/wp\/v2\/posts\/2529\/revisions"}],"predecessor-version":[{"id":2531,"href":"https:\/\/aifec.eu\/news\/wp-json\/wp\/v2\/posts\/2529\/revisions\/2531"}],"wp:featuredmedia":[{"embeddable":true,"href":"https:\/\/aifec.eu\/news\/wp-json\/wp\/v2\/media\/2530"}],"wp:attachment":[{"href":"https:\/\/aifec.eu\/news\/wp-json\/wp\/v2\/media?parent=2529"}],"wp:term":[{"taxonomy":"category","embeddable":true,"href":"https:\/\/aifec.eu\/news\/wp-json\/wp\/v2\/categories?post=2529"},{"taxonomy":"post_tag","embeddable":true,"href":"https:\/\/aifec.eu\/news\/wp-json\/wp\/v2\/tags?post=2529"}],"curies":[{"name":"wp","href":"https:\/\/api.w.org\/{rel}","templated":true}]}}