{"id":2519,"date":"2026-09-02T07:43:50","date_gmt":"2026-09-02T07:43:50","guid":{"rendered":"https:\/\/aifec.eu\/news\/?p=2519"},"modified":"2026-09-02T08:04:25","modified_gmt":"2026-09-02T08:04:25","slug":"finat-afera-ppwr","status":"publish","type":"post","link":"https:\/\/aifec.eu\/news\/finat-afera-ppwr\/","title":{"rendered":"FINAT y AFERA \u200b\u200bpublican un documento de posici\u00f3n conjunto sobre los revestimientos antiadherentes en el marco del PPWR."},"content":{"rendered":"\n<p>FINAT y AFERA \u200b\u200bhan publicado conjuntamente un documento de posici\u00f3n sobre el tratamiento de las l\u00e1minas antiadherentes en virtud del Reglamento (UE) 2025\/40 relativo a los envases y los residuos de envases (PPWR). El documento explica por qu\u00e9 las l\u00e1minas antiadherentes utilizadas en productos autoadhesivos no deben considerarse envases, ya que cumplen una funci\u00f3n t\u00e9cnica esencial y forman parte integrante del producto.<\/p>\n\n\n\n<p>El documento argumenta adem\u00e1s que los revestimientos antiadherentes utilizados en procesos industriales y de fabricaci\u00f3n cumplen los mismos criterios que llevaron a la Comisi\u00f3n Europea a excluir las pel\u00edculas adhesivas de la definici\u00f3n de envase. FINAT y AFERA \u200b\u200bsolicitan una interpretaci\u00f3n armonizada en toda la UE para evitar enfoques nacionales divergentes y obligaciones innecesarias en virtud de la legislaci\u00f3n sobre envases y responsabilidad ampliada del productor (RAP).<\/p>\n\n\n\n<p>El objetivo de este documento es proporcionar informaci\u00f3n armonizada a lo largo de la cadena de suministro y apoyar a los responsables pol\u00edticos, las autoridades nacionales y las organizaciones de responsabilidad del productor (ORP) en la aplicaci\u00f3n coherente de la Ley de Protecci\u00f3n del Productor de Alimentos (PPWR, por sus siglas en ingl\u00e9s).<\/p>\n\n\n\n<p>Haga clic&nbsp;<a href=\"https:\/\/www.finat.com\/documents\/1412\/finat-afera-position-paper-on-release-liner-2026.pdf\">aqu\u00ed<\/a>&nbsp;para descargar el documento de posici\u00f3n.<\/p>\n\n\n\n<div class=\"wp-block-columns\">\n<div class=\"wp-block-column\">\n<figure class=\"wp-block-gallery aligncenter columns-1 is-cropped\"><ul class=\"blocks-gallery-grid\"><li class=\"blocks-gallery-item\"><figure><img loading=\"lazy\" width=\"900\" height=\"468\" src=\"http:\/\/aifec.eu\/news\/wp-content\/uploads\/unnamed-1-e1788334581581.jpg\" alt=\"\" data-id=\"2522\" data-full-url=\"http:\/\/aifec.eu\/news\/wp-content\/uploads\/unnamed-1-e1788334581581.jpg\" data-link=\"https:\/\/aifec.eu\/news\/?attachment_id=2522\" class=\"wp-image-2522\" srcset=\"https:\/\/aifec.eu\/news\/wp-content\/uploads\/unnamed-1-e1788334581581.jpg 900w, https:\/\/aifec.eu\/news\/wp-content\/uploads\/unnamed-1-e1788334581581-300x156.jpg 300w, https:\/\/aifec.eu\/news\/wp-content\/uploads\/unnamed-1-e1788334581581-768x399.jpg 768w, https:\/\/aifec.eu\/news\/wp-content\/uploads\/unnamed-1-e1788334581581-480x250.jpg 480w\" sizes=\"(max-width: 900px) 100vw, 900px\" \/><\/figure><\/li><\/ul><figcaption class=\"blocks-gallery-caption\"><a href=\"https:\/\/www.finat.com\/news\">www.finat.com\/news<\/a><\/figcaption><\/figure>\n\n\n\n<p><\/p>\n<\/div>\n\n\n\n<div class=\"wp-block-column is-vertically-aligned-center\">\n<figure class=\"wp-block-gallery columns-1 is-cropped\"><ul class=\"blocks-gallery-grid\"><li class=\"blocks-gallery-item\"><figure><img loading=\"lazy\" width=\"1024\" height=\"368\" src=\"https:\/\/aifec.eu\/news\/wp-content\/uploads\/Afera-logo-met-slogan-1-1024x368.jpg\" alt=\"\" data-id=\"2524\" data-full-url=\"https:\/\/aifec.eu\/news\/wp-content\/uploads\/Afera-logo-met-slogan-1.jpg\" data-link=\"https:\/\/aifec.eu\/news\/?attachment_id=2524\" class=\"wp-image-2524\" srcset=\"https:\/\/aifec.eu\/news\/wp-content\/uploads\/Afera-logo-met-slogan-1-1024x368.jpg 1024w, https:\/\/aifec.eu\/news\/wp-content\/uploads\/Afera-logo-met-slogan-1-300x108.jpg 300w, https:\/\/aifec.eu\/news\/wp-content\/uploads\/Afera-logo-met-slogan-1-768x276.jpg 768w, https:\/\/aifec.eu\/news\/wp-content\/uploads\/Afera-logo-met-slogan-1-1536x553.jpg 1536w, https:\/\/aifec.eu\/news\/wp-content\/uploads\/Afera-logo-met-slogan-1-480x173.jpg 480w, https:\/\/aifec.eu\/news\/wp-content\/uploads\/Afera-logo-met-slogan-1-1390x500.jpg 1390w, https:\/\/aifec.eu\/news\/wp-content\/uploads\/Afera-logo-met-slogan-1.jpg 1590w\" sizes=\"(max-width: 1024px) 100vw, 1024px\" \/><\/figure><\/li><\/ul><figcaption class=\"blocks-gallery-caption\"><a href=\"https:\/\/afera.com\/\" target=\"_blank\" rel=\"noreferrer noopener\">www.afera.com<\/a><\/figcaption><\/figure>\n\n\n\n<p><\/p>\n<\/div>\n<\/div>\n","protected":false},"excerpt":{"rendered":"<p>FINAT y AFERA \u200b\u200bhan publicado conjuntamente un documento de posici\u00f3n sobre el tratamiento de las l\u00e1minas antiadherentes en virtud del Reglamento (UE) 2025\/40 relativo a los envases y los residuos de envases (PPWR). El documento explica por qu\u00e9 las l\u00e1minas antiadherentes utilizadas en productos autoadhesivos no deben considerarse envases, ya que cumplen una funci\u00f3n t\u00e9cnica&hellip;<\/p>\n","protected":false},"author":1,"featured_media":2522,"comment_status":"closed","ping_status":"open","sticky":false,"template":"","format":"standard","meta":[],"categories":[3,2,5,10,1],"tags":[],"yoast_head":"<!-- This site is optimized with the Yoast SEO plugin v16.0.2 - https:\/\/yoast.com\/wordpress\/plugins\/seo\/ -->\n<title>FINAT y AFERA \u200b\u200bpublican un documento de posici\u00f3n conjunto sobre los revestimientos antiadherentes en el marco del PPWR. - Aifec News<\/title>\n<meta name=\"description\" content=\"FINAT y AFERA \u200b\u200bpublican un documento de posici\u00f3n conjunto sobre los revestimientos antiadherentes en el marco del PPWR.\" \/>\n<link rel=\"canonical\" href=\"https:\/\/aifec.eu\/news\/finat-afera-ppwr\/\" \/>\n<meta property=\"og:locale\" content=\"es_ES\" \/>\n<meta property=\"og:type\" content=\"article\" \/>\n<meta property=\"og:title\" content=\"FINAT y AFERA \u200b\u200bpublican un documento de posici\u00f3n conjunto sobre los revestimientos antiadherentes en el marco del PPWR. - Aifec News\" \/>\n<meta property=\"og:description\" content=\"FINAT y AFERA \u200b\u200bpublican un documento de posici\u00f3n conjunto sobre los revestimientos antiadherentes en el marco del PPWR.\" \/>\n<meta property=\"og:url\" content=\"https:\/\/aifec.eu\/news\/finat-afera-ppwr\/\" \/>\n<meta property=\"og:site_name\" content=\"Aifec News\" \/>\n<meta property=\"article:published_time\" content=\"2026-09-02T07:43:50+00:00\" \/>\n<meta property=\"article:modified_time\" content=\"2026-09-02T08:04:25+00:00\" \/>\n<meta property=\"og:image\" content=\"https:\/\/aifec.eu\/news\/wp-content\/uploads\/unnamed-1-e1788334581581.jpg\" \/>\n\t<meta property=\"og:image:width\" content=\"900\" \/>\n\t<meta property=\"og:image:height\" content=\"468\" \/>\n<meta name=\"twitter:card\" content=\"summary_large_image\" \/>\n<meta name=\"twitter:label1\" content=\"Tiempo de lectura\">\n\t<meta name=\"twitter:data1\" content=\"2 minutos\">\n<script type=\"application\/ld+json\" class=\"yoast-schema-graph\">{\"@context\":\"https:\/\/schema.org\",\"@graph\":[{\"@type\":\"WebSite\",\"@id\":\"https:\/\/aifec.eu\/news\/#website\",\"url\":\"https:\/\/aifec.eu\/news\/\",\"name\":\"Aifec News\",\"description\":\"El peri\\u00f3dico de la industria de etiquetas en continuo\",\"potentialAction\":[{\"@type\":\"SearchAction\",\"target\":\"https:\/\/aifec.eu\/news\/?s={search_term_string}\",\"query-input\":\"required name=search_term_string\"}],\"inLanguage\":\"es\"},{\"@type\":\"ImageObject\",\"@id\":\"https:\/\/aifec.eu\/news\/finat-afera-ppwr\/#primaryimage\",\"inLanguage\":\"es\",\"url\":\"https:\/\/aifec.eu\/news\/wp-content\/uploads\/unnamed-1-e1788334581581.jpg\",\"width\":900,\"height\":468},{\"@type\":\"WebPage\",\"@id\":\"https:\/\/aifec.eu\/news\/finat-afera-ppwr\/#webpage\",\"url\":\"https:\/\/aifec.eu\/news\/finat-afera-ppwr\/\",\"name\":\"FINAT y AFERA \\u200b\\u200bpublican un documento de posici\\u00f3n conjunto sobre los revestimientos antiadherentes en el marco del PPWR. - Aifec News\",\"isPartOf\":{\"@id\":\"https:\/\/aifec.eu\/news\/#website\"},\"primaryImageOfPage\":{\"@id\":\"https:\/\/aifec.eu\/news\/finat-afera-ppwr\/#primaryimage\"},\"datePublished\":\"2026-09-02T07:43:50+00:00\",\"dateModified\":\"2026-09-02T08:04:25+00:00\",\"author\":{\"@id\":\"https:\/\/aifec.eu\/news\/#\/schema\/person\/6d46059818a98ff411aa257d8037e371\"},\"description\":\"FINAT y AFERA \\u200b\\u200bpublican un documento de posici\\u00f3n conjunto sobre los revestimientos antiadherentes en el marco del PPWR.\",\"breadcrumb\":{\"@id\":\"https:\/\/aifec.eu\/news\/finat-afera-ppwr\/#breadcrumb\"},\"inLanguage\":\"es\",\"potentialAction\":[{\"@type\":\"ReadAction\",\"target\":[\"https:\/\/aifec.eu\/news\/finat-afera-ppwr\/\"]}]},{\"@type\":\"BreadcrumbList\",\"@id\":\"https:\/\/aifec.eu\/news\/finat-afera-ppwr\/#breadcrumb\",\"itemListElement\":[{\"@type\":\"ListItem\",\"position\":1,\"item\":{\"@type\":\"WebPage\",\"@id\":\"https:\/\/aifec.eu\/news\/\",\"url\":\"https:\/\/aifec.eu\/news\/\",\"name\":\"Portada\"}},{\"@type\":\"ListItem\",\"position\":2,\"item\":{\"@type\":\"WebPage\",\"@id\":\"https:\/\/aifec.eu\/news\/finat-afera-ppwr\/\",\"url\":\"https:\/\/aifec.eu\/news\/finat-afera-ppwr\/\",\"name\":\"FINAT y AFERA \\u200b\\u200bpublican un documento de posici\\u00f3n conjunto sobre los revestimientos antiadherentes en el marco del PPWR.\"}}]},{\"@type\":\"Person\",\"@id\":\"https:\/\/aifec.eu\/news\/#\/schema\/person\/6d46059818a98ff411aa257d8037e371\",\"name\":\"anfec\",\"image\":{\"@type\":\"ImageObject\",\"@id\":\"https:\/\/aifec.eu\/news\/#personlogo\",\"inLanguage\":\"es\",\"url\":\"https:\/\/secure.gravatar.com\/avatar\/fdb5d7427052ec840dd8b6e2cf4db678?s=96&d=mm&r=g\",\"caption\":\"anfec\"}}]}<\/script>\n<!-- \/ Yoast SEO plugin. -->","_links":{"self":[{"href":"https:\/\/aifec.eu\/news\/wp-json\/wp\/v2\/posts\/2519"}],"collection":[{"href":"https:\/\/aifec.eu\/news\/wp-json\/wp\/v2\/posts"}],"about":[{"href":"https:\/\/aifec.eu\/news\/wp-json\/wp\/v2\/types\/post"}],"author":[{"embeddable":true,"href":"https:\/\/aifec.eu\/news\/wp-json\/wp\/v2\/users\/1"}],"replies":[{"embeddable":true,"href":"https:\/\/aifec.eu\/news\/wp-json\/wp\/v2\/comments?post=2519"}],"version-history":[{"count":4,"href":"https:\/\/aifec.eu\/news\/wp-json\/wp\/v2\/posts\/2519\/revisions"}],"predecessor-version":[{"id":2528,"href":"https:\/\/aifec.eu\/news\/wp-json\/wp\/v2\/posts\/2519\/revisions\/2528"}],"wp:featuredmedia":[{"embeddable":true,"href":"https:\/\/aifec.eu\/news\/wp-json\/wp\/v2\/media\/2522"}],"wp:attachment":[{"href":"https:\/\/aifec.eu\/news\/wp-json\/wp\/v2\/media?parent=2519"}],"wp:term":[{"taxonomy":"category","embeddable":true,"href":"https:\/\/aifec.eu\/news\/wp-json\/wp\/v2\/categories?post=2519"},{"taxonomy":"post_tag","embeddable":true,"href":"https:\/\/aifec.eu\/news\/wp-json\/wp\/v2\/tags?post=2519"}],"curies":[{"name":"wp","href":"https:\/\/api.w.org\/{rel}","templated":true}]}}