{"id":2438,"date":"2026-04-29T09:03:52","date_gmt":"2026-04-29T09:03:52","guid":{"rendered":"https:\/\/aifec.eu\/news\/?p=2438"},"modified":"2026-04-29T09:03:53","modified_gmt":"2026-04-29T09:03:53","slug":"record-premios-aifec","status":"publish","type":"post","link":"https:\/\/aifec.eu\/news\/record-premios-aifec\/","title":{"rendered":"R\u00e9cord de participaci\u00f3n en los premios AIFEC 2026"},"content":{"rendered":"\n<p>Los&nbsp;<strong>Premios AIFEC 2026<\/strong>&nbsp;han marcado un hito significativo al registrar un&nbsp;<strong>r\u00e9cord de participaci\u00f3n<\/strong>, con un total de 29 trabajos presentados. Este dato pone de manifiesto el creciente inter\u00e9s y la implicaci\u00f3n del sector, as\u00ed como el alto nivel de compromiso con la innovaci\u00f3n y la excelencia.<\/p>\n\n\n\n<p>El&nbsp;<strong>jurado<\/strong>&nbsp;encargado de evaluar los proyectos ha estado compuesto por destacados profesionales de diferentes empresas del sector: Santiago Villellas, de&nbsp;<strong>SANTILABEL<\/strong>; Miguel Iv\u00e1\u00f1ez, de&nbsp;<strong>ADHESIVAS IBI<\/strong>; Nicolas Croon, de&nbsp;<strong>HP<\/strong>; y Tadeo Jeda, de&nbsp;<strong>INSCO<\/strong>.&nbsp;<\/p>\n\n\n\n<p>Como principal novedad en esta edici\u00f3n, los Premios AIFEC han incorporado por primera vez a una persona externa a la asociaci\u00f3n dentro del jurado, apostando por un perfil docente. Esta iniciativa busca enriquecer el an\u00e1lisis de los proyectos con una visi\u00f3n m\u00e1s acad\u00e9mica y formativa.<\/p>\n\n\n\n<p>Adem\u00e1s, esta decisi\u00f3n se enmarca dentro de la colaboraci\u00f3n entre\u00a0<strong>AIFEC e INSCO<\/strong>\u00a0y del\u00a0<strong>Plan de Formaci\u00f3n<\/strong> impulsado por la asociaci\u00f3n. Con ello, se refuerza el v\u00ednculo entre el entorno empresarial y el educativo, apostando por el desarrollo del talento y la mejora continua del sector.<\/p>\n\n\n\n<p>Los ganadores de los Premios AIFEC 2026 se dar\u00e1n a conocer durante la cena de gala del\u00a0<strong>Congreso AIFEC<\/strong> que se celebrar\u00e1 en<strong>\u00a0Granada<\/strong>.<\/p>\n","protected":false},"excerpt":{"rendered":"<p>Los&nbsp;Premios AIFEC 2026&nbsp;han marcado un hito significativo al registrar un&nbsp;r\u00e9cord de participaci\u00f3n, con un total de 29 trabajos presentados. Este dato pone de manifiesto el creciente inter\u00e9s y la implicaci\u00f3n del sector, as\u00ed como el alto nivel de compromiso con la innovaci\u00f3n y la excelencia. El&nbsp;jurado&nbsp;encargado de evaluar los proyectos ha estado compuesto por destacados&hellip;<\/p>\n","protected":false},"author":1,"featured_media":2439,"comment_status":"closed","ping_status":"open","sticky":false,"template":"","format":"standard","meta":[],"categories":[3,2,10],"tags":[],"yoast_head":"<!-- This site is optimized with the Yoast SEO plugin v16.0.2 - https:\/\/yoast.com\/wordpress\/plugins\/seo\/ -->\n<title>R\u00e9cord de participaci\u00f3n en los premios AIFEC 2026 - Aifec News<\/title>\n<meta name=\"description\" content=\"Los premios AIFEC 2026 registran r\u00e9cord de participaci\u00f3n con 29 trabajos presentados. Durante el Congreso sabremos los ganadores.\" \/>\n<link rel=\"canonical\" href=\"https:\/\/aifec.eu\/news\/record-premios-aifec\/\" \/>\n<meta property=\"og:locale\" content=\"es_ES\" \/>\n<meta property=\"og:type\" content=\"article\" \/>\n<meta property=\"og:title\" content=\"R\u00e9cord de participaci\u00f3n en los premios AIFEC 2026 - Aifec News\" \/>\n<meta property=\"og:description\" content=\"Los premios AIFEC 2026 registran r\u00e9cord de participaci\u00f3n con 29 trabajos presentados. Durante el Congreso sabremos los ganadores.\" \/>\n<meta property=\"og:url\" content=\"https:\/\/aifec.eu\/news\/record-premios-aifec\/\" \/>\n<meta property=\"og:site_name\" content=\"Aifec News\" \/>\n<meta property=\"article:published_time\" content=\"2026-04-29T09:03:52+00:00\" \/>\n<meta property=\"article:modified_time\" content=\"2026-04-29T09:03:53+00:00\" \/>\n<meta property=\"og:image\" content=\"https:\/\/aifec.eu\/news\/wp-content\/uploads\/WhatsApp-Image-2026-04-29-at-10.33.17.jpeg\" \/>\n\t<meta property=\"og:image:width\" content=\"2048\" \/>\n\t<meta property=\"og:image:height\" content=\"1536\" \/>\n<meta name=\"twitter:card\" content=\"summary_large_image\" \/>\n<meta name=\"twitter:label1\" content=\"Tiempo de lectura\">\n\t<meta name=\"twitter:data1\" content=\"1 minuto\">\n<script type=\"application\/ld+json\" class=\"yoast-schema-graph\">{\"@context\":\"https:\/\/schema.org\",\"@graph\":[{\"@type\":\"WebSite\",\"@id\":\"https:\/\/aifec.eu\/news\/#website\",\"url\":\"https:\/\/aifec.eu\/news\/\",\"name\":\"Aifec News\",\"description\":\"El peri\\u00f3dico de la industria de etiquetas en continuo\",\"potentialAction\":[{\"@type\":\"SearchAction\",\"target\":\"https:\/\/aifec.eu\/news\/?s={search_term_string}\",\"query-input\":\"required name=search_term_string\"}],\"inLanguage\":\"es\"},{\"@type\":\"ImageObject\",\"@id\":\"https:\/\/aifec.eu\/news\/record-premios-aifec\/#primaryimage\",\"inLanguage\":\"es\",\"url\":\"https:\/\/aifec.eu\/news\/wp-content\/uploads\/WhatsApp-Image-2026-04-29-at-10.33.17.jpeg\",\"width\":2048,\"height\":1536},{\"@type\":\"WebPage\",\"@id\":\"https:\/\/aifec.eu\/news\/record-premios-aifec\/#webpage\",\"url\":\"https:\/\/aifec.eu\/news\/record-premios-aifec\/\",\"name\":\"R\\u00e9cord de participaci\\u00f3n en los premios AIFEC 2026 - Aifec News\",\"isPartOf\":{\"@id\":\"https:\/\/aifec.eu\/news\/#website\"},\"primaryImageOfPage\":{\"@id\":\"https:\/\/aifec.eu\/news\/record-premios-aifec\/#primaryimage\"},\"datePublished\":\"2026-04-29T09:03:52+00:00\",\"dateModified\":\"2026-04-29T09:03:53+00:00\",\"author\":{\"@id\":\"https:\/\/aifec.eu\/news\/#\/schema\/person\/6d46059818a98ff411aa257d8037e371\"},\"description\":\"Los premios AIFEC 2026 registran r\\u00e9cord de participaci\\u00f3n con 29 trabajos presentados. Durante el Congreso sabremos los ganadores.\",\"breadcrumb\":{\"@id\":\"https:\/\/aifec.eu\/news\/record-premios-aifec\/#breadcrumb\"},\"inLanguage\":\"es\",\"potentialAction\":[{\"@type\":\"ReadAction\",\"target\":[\"https:\/\/aifec.eu\/news\/record-premios-aifec\/\"]}]},{\"@type\":\"BreadcrumbList\",\"@id\":\"https:\/\/aifec.eu\/news\/record-premios-aifec\/#breadcrumb\",\"itemListElement\":[{\"@type\":\"ListItem\",\"position\":1,\"item\":{\"@type\":\"WebPage\",\"@id\":\"https:\/\/aifec.eu\/news\/\",\"url\":\"https:\/\/aifec.eu\/news\/\",\"name\":\"Portada\"}},{\"@type\":\"ListItem\",\"position\":2,\"item\":{\"@type\":\"WebPage\",\"@id\":\"https:\/\/aifec.eu\/news\/record-premios-aifec\/\",\"url\":\"https:\/\/aifec.eu\/news\/record-premios-aifec\/\",\"name\":\"R\\u00e9cord de participaci\\u00f3n en los premios AIFEC 2026\"}}]},{\"@type\":\"Person\",\"@id\":\"https:\/\/aifec.eu\/news\/#\/schema\/person\/6d46059818a98ff411aa257d8037e371\",\"name\":\"anfec\",\"image\":{\"@type\":\"ImageObject\",\"@id\":\"https:\/\/aifec.eu\/news\/#personlogo\",\"inLanguage\":\"es\",\"url\":\"https:\/\/secure.gravatar.com\/avatar\/fdb5d7427052ec840dd8b6e2cf4db678?s=96&d=mm&r=g\",\"caption\":\"anfec\"}}]}<\/script>\n<!-- \/ Yoast SEO plugin. -->","_links":{"self":[{"href":"https:\/\/aifec.eu\/news\/wp-json\/wp\/v2\/posts\/2438"}],"collection":[{"href":"https:\/\/aifec.eu\/news\/wp-json\/wp\/v2\/posts"}],"about":[{"href":"https:\/\/aifec.eu\/news\/wp-json\/wp\/v2\/types\/post"}],"author":[{"embeddable":true,"href":"https:\/\/aifec.eu\/news\/wp-json\/wp\/v2\/users\/1"}],"replies":[{"embeddable":true,"href":"https:\/\/aifec.eu\/news\/wp-json\/wp\/v2\/comments?post=2438"}],"version-history":[{"count":1,"href":"https:\/\/aifec.eu\/news\/wp-json\/wp\/v2\/posts\/2438\/revisions"}],"predecessor-version":[{"id":2440,"href":"https:\/\/aifec.eu\/news\/wp-json\/wp\/v2\/posts\/2438\/revisions\/2440"}],"wp:featuredmedia":[{"embeddable":true,"href":"https:\/\/aifec.eu\/news\/wp-json\/wp\/v2\/media\/2439"}],"wp:attachment":[{"href":"https:\/\/aifec.eu\/news\/wp-json\/wp\/v2\/media?parent=2438"}],"wp:term":[{"taxonomy":"category","embeddable":true,"href":"https:\/\/aifec.eu\/news\/wp-json\/wp\/v2\/categories?post=2438"},{"taxonomy":"post_tag","embeddable":true,"href":"https:\/\/aifec.eu\/news\/wp-json\/wp\/v2\/tags?post=2438"}],"curies":[{"name":"wp","href":"https:\/\/api.w.org\/{rel}","templated":true}]}}