{"id":409,"date":"2018-05-28T15:13:00","date_gmt":"2018-05-28T15:13:00","guid":{"rendered":"http:\/\/aifec.eu\/news\/?p=409"},"modified":"2018-06-28T14:44:25","modified_gmt":"2018-06-28T14:44:25","slug":"anfec-cambia-su-nombre-a-aifec-asociacion-iberica-de-fabricantes-de-etiquetas-en-continuo","status":"publish","type":"post","link":"http:\/\/aifec.eu\/news\/anfec-cambia-su-nombre-a-aifec-asociacion-iberica-de-fabricantes-de-etiquetas-en-continuo\/","title":{"rendered":"ANFEC cambia su nombre a AIFEC, Asociaci\u00f3n Ib\u00e9rica de Fabricantes de Etiquetas en Continuo"},"content":{"rendered":"<p>Hace un a\u00f1o ANFEC puso en marcha una estrategia de apertura a las empresas de etiquetas de Portugal cuyo objetivo era sumar a empresas del pa\u00eds vecino al proyecto de la asociaci\u00f3n. Despu\u00e9s de varias reuniones en ciudades portuguesas y de la incorporaci\u00f3n de una decena de empresas lusas, los miembros de ANFEC votaron a favor de cambiar el nombre a AIFEC, Asociaci\u00f3n Ib\u00e9rica de Fabricantes de Etiquetas en Continuo. Y es que, como afirm\u00f3 el presidente, Jos\u00e9 Ram\u00f3n Benito, \u201cANFEC ya es una asociaci\u00f3n ib\u00e9rica m\u00e1s que espa\u00f1ola\u201d.<\/p>\n<p><img loading=\"lazy\" class=\"aligncenter wp-image-410 size-medium\" src=\"http:\/\/aifec.eu\/news\/wp-content\/uploads\/AIFEC-LOGO-300x117.jpg\" alt=\"\" width=\"300\" height=\"117\" srcset=\"http:\/\/aifec.eu\/news\/wp-content\/uploads\/AIFEC-LOGO-300x117.jpg 300w, http:\/\/aifec.eu\/news\/wp-content\/uploads\/AIFEC-LOGO-768x298.jpg 768w, http:\/\/aifec.eu\/news\/wp-content\/uploads\/AIFEC-LOGO-1024x398.jpg 1024w, http:\/\/aifec.eu\/news\/wp-content\/uploads\/AIFEC-LOGO-480x186.jpg 480w, http:\/\/aifec.eu\/news\/wp-content\/uploads\/AIFEC-LOGO-1287x500.jpg 1287w\" sizes=\"(max-width: 300px) 100vw, 300px\" \/><\/p>\n<p>Esta fue una de las decisiones que tom\u00f3 la Asamblea General en su reuni\u00f3n celebrada el 11 de mayo en el marco del XX Congreso que tuvo lugar en Oporto. Una reuni\u00f3n en la que los miembros de la Junta Directiva tambi\u00e9n presentaron datos del sector como los de venta de maquinaria o materias primas y repasaron la estrategia de comunicaci\u00f3n que lleva a cabo la asociaci\u00f3n.<\/p>\n<p>El presidente de ANFEC, Jos\u00e9 Ram\u00f3n Benito, fue el primero en tomar la palabra. Habl\u00f3 sobre el estado del sector en Espa\u00f1a y Portugal, destacando que aunque 2017 ha sido un buen a\u00f1o para el sector y la facturaci\u00f3n ha crecido un cinco por ciento \u201chay que crecer siendo competitivos\u201d. En lo que respecta a la competencia entre las empresas de etiquetas en Espa\u00f1a y Portugal, subray\u00f3 que hay que competir, \u201cpero de forma inteligente\u201d.<\/p>\n<p>En la Asamblea se present\u00f3 tambi\u00e9n el estudio de Benchmarking del sector, que recoge datos desde 2010 hasta 2016 y del que se desprende que la facturaci\u00f3n total de las empresas peque\u00f1as (las que facturan hasta tres millones de euros) ha crecido entre estos a\u00f1os en un 14,32 por ciento; en las empresas medianas (las que facturan entre tres y siete millones de euros) el crecimiento ha sido del 8 por ciento y en las grandes (las que facturan m\u00e1s de siete millones de euros) del 21,76 por ciento.<\/p>\n<p>En cuanto a la cuota de mercado, las empresas grandes se llevaron el 53 por ciento en 2016, las medianas el 30 por ciento y las peque\u00f1as el 17 por ciento. Adem\u00e1s, la rentabilidad econ\u00f3mica de las empresas del sector ha ido creciendo.<\/p>\n<p>La conclusi\u00f3n de este estudio es que el sector de las etiquetas autoadhesivas en 2016 muestra una estructura de crecimiento en facturaci\u00f3n, empleados y resultados del ejercicio, con una buena rentabilidad econ\u00f3mica y una productividad creciente.<\/p>\n<p>Luis Fern\u00e1ndez Vilela, vicepresidente de ANFEC, present\u00f3 las estad\u00edsticas de maquinaria y consumo de materia prima, que se hicieron con el apoyo de 15 empresas de la asociaci\u00f3n. El consumo de material autoadhesivo ha crecido el 7,39 por ciento entre 2016 y 2017. En cuanto a la distribuci\u00f3n de los materiales en 2017, el 23,94 por ciento corresponde a film, el 51,08 por ciento a papel y el 24,98 por ciento a t\u00e9rmico.<\/p>\n<p>En cuanto a la estrategia de comunicaci\u00f3n de ANFEC, Antonio Lapp\u00ed destac\u00f3 que las nuevas herramientas puestas en marcha por la asociaci\u00f3n en 2017 han conseguido buenos resultados. Tanto la p\u00e1gina web como el peri\u00f3dico de la asociaci\u00f3n han mantenido un ritmo de crecimiento constante en lo que se refiere a n\u00famero de visitas y usuarios. Las redes sociales de ANFEC, Twitter y Facebook, mantienen una estrategia de crecimiento org\u00e1nico y el env\u00edo de la newsletter a trav\u00e9s de email consigue tasas de apertura muy elevadas, superando pr\u00e1cticamente todos los meses el 50 por ciento.<\/p>\n<p>Por \u00faltimo, los miembros de la Asamblea General de ANFEC decidieron las fechas del pr\u00f3ximo congreso de la asociaci\u00f3n, que se celebrar\u00e1 en Sitges del 23 al 26 de mayo de 2019.<\/p>\n","protected":false},"excerpt":{"rendered":"<p>Hace un a\u00f1o ANFEC puso en marcha una estrategia de apertura a las empresas de etiquetas de Portugal cuyo objetivo era sumar a empresas del pa\u00eds vecino al proyecto de la asociaci\u00f3n. Despu\u00e9s de varias reuniones en ciudades portuguesas y de la incorporaci\u00f3n de una decena de empresas lusas, los miembros de ANFEC votaron a&hellip;<\/p>\n","protected":false},"author":1,"featured_media":411,"comment_status":"open","ping_status":"open","sticky":false,"template":"","format":"standard","meta":[],"categories":[3,2,4],"tags":[],"yoast_head":"<!-- This site is optimized with the Yoast SEO plugin v16.0.2 - https:\/\/yoast.com\/wordpress\/plugins\/seo\/ -->\n<title>ANFEC cambia su nombre a AIFEC, Asociaci\u00f3n Ib\u00e9rica de Fabricantes de Etiquetas en Continuo - Aifec News<\/title>\n<link rel=\"canonical\" href=\"https:\/\/aifec.eu\/news\/anfec-cambia-su-nombre-a-aifec-asociacion-iberica-de-fabricantes-de-etiquetas-en-continuo\/\" \/>\n<meta property=\"og:locale\" content=\"es_ES\" \/>\n<meta property=\"og:type\" content=\"article\" \/>\n<meta property=\"og:title\" content=\"ANFEC cambia su nombre a AIFEC, Asociaci\u00f3n Ib\u00e9rica de Fabricantes de Etiquetas en Continuo - Aifec News\" \/>\n<meta property=\"og:description\" content=\"Hace un a\u00f1o ANFEC puso en marcha una estrategia de apertura a las empresas de etiquetas de Portugal cuyo objetivo era sumar a empresas del pa\u00eds vecino al proyecto de la asociaci\u00f3n. Despu\u00e9s de varias reuniones en ciudades portuguesas y de la incorporaci\u00f3n de una decena de empresas lusas, los miembros de ANFEC votaron a&hellip;\" \/>\n<meta property=\"og:url\" content=\"https:\/\/aifec.eu\/news\/anfec-cambia-su-nombre-a-aifec-asociacion-iberica-de-fabricantes-de-etiquetas-en-continuo\/\" \/>\n<meta property=\"og:site_name\" content=\"Aifec News\" \/>\n<meta property=\"article:published_time\" content=\"2018-05-28T15:13:00+00:00\" \/>\n<meta property=\"article:modified_time\" content=\"2018-06-28T14:44:25+00:00\" \/>\n<meta property=\"og:image\" content=\"http:\/\/aifec.eu\/news\/wp-content\/uploads\/Asamblea.jpg\" \/>\n\t<meta property=\"og:image:width\" content=\"1500\" \/>\n\t<meta property=\"og:image:height\" content=\"826\" \/>\n<meta name=\"twitter:card\" content=\"summary_large_image\" \/>\n<meta name=\"twitter:label1\" content=\"Tiempo de lectura\">\n\t<meta name=\"twitter:data1\" content=\"3 minutos\">\n<script type=\"application\/ld+json\" class=\"yoast-schema-graph\">{\"@context\":\"https:\/\/schema.org\",\"@graph\":[{\"@type\":\"WebSite\",\"@id\":\"https:\/\/aifec.eu\/news\/#website\",\"url\":\"https:\/\/aifec.eu\/news\/\",\"name\":\"Aifec News\",\"description\":\"El peri\\u00f3dico de la industria de etiquetas en continuo\",\"potentialAction\":[{\"@type\":\"SearchAction\",\"target\":\"https:\/\/aifec.eu\/news\/?s={search_term_string}\",\"query-input\":\"required name=search_term_string\"}],\"inLanguage\":\"es\"},{\"@type\":\"ImageObject\",\"@id\":\"https:\/\/aifec.eu\/news\/anfec-cambia-su-nombre-a-aifec-asociacion-iberica-de-fabricantes-de-etiquetas-en-continuo\/#primaryimage\",\"inLanguage\":\"es\",\"url\":\"http:\/\/aifec.eu\/news\/wp-content\/uploads\/Asamblea.jpg\",\"width\":1500,\"height\":826},{\"@type\":\"WebPage\",\"@id\":\"https:\/\/aifec.eu\/news\/anfec-cambia-su-nombre-a-aifec-asociacion-iberica-de-fabricantes-de-etiquetas-en-continuo\/#webpage\",\"url\":\"https:\/\/aifec.eu\/news\/anfec-cambia-su-nombre-a-aifec-asociacion-iberica-de-fabricantes-de-etiquetas-en-continuo\/\",\"name\":\"ANFEC cambia su nombre a AIFEC, Asociaci\\u00f3n Ib\\u00e9rica de Fabricantes de Etiquetas en Continuo - Aifec News\",\"isPartOf\":{\"@id\":\"https:\/\/aifec.eu\/news\/#website\"},\"primaryImageOfPage\":{\"@id\":\"https:\/\/aifec.eu\/news\/anfec-cambia-su-nombre-a-aifec-asociacion-iberica-de-fabricantes-de-etiquetas-en-continuo\/#primaryimage\"},\"datePublished\":\"2018-05-28T15:13:00+00:00\",\"dateModified\":\"2018-06-28T14:44:25+00:00\",\"author\":{\"@id\":\"https:\/\/aifec.eu\/news\/#\/schema\/person\/6d46059818a98ff411aa257d8037e371\"},\"breadcrumb\":{\"@id\":\"https:\/\/aifec.eu\/news\/anfec-cambia-su-nombre-a-aifec-asociacion-iberica-de-fabricantes-de-etiquetas-en-continuo\/#breadcrumb\"},\"inLanguage\":\"es\",\"potentialAction\":[{\"@type\":\"ReadAction\",\"target\":[\"https:\/\/aifec.eu\/news\/anfec-cambia-su-nombre-a-aifec-asociacion-iberica-de-fabricantes-de-etiquetas-en-continuo\/\"]}]},{\"@type\":\"BreadcrumbList\",\"@id\":\"https:\/\/aifec.eu\/news\/anfec-cambia-su-nombre-a-aifec-asociacion-iberica-de-fabricantes-de-etiquetas-en-continuo\/#breadcrumb\",\"itemListElement\":[{\"@type\":\"ListItem\",\"position\":1,\"item\":{\"@type\":\"WebPage\",\"@id\":\"https:\/\/aifec.eu\/news\/\",\"url\":\"https:\/\/aifec.eu\/news\/\",\"name\":\"Portada\"}},{\"@type\":\"ListItem\",\"position\":2,\"item\":{\"@type\":\"WebPage\",\"@id\":\"https:\/\/aifec.eu\/news\/anfec-cambia-su-nombre-a-aifec-asociacion-iberica-de-fabricantes-de-etiquetas-en-continuo\/\",\"url\":\"https:\/\/aifec.eu\/news\/anfec-cambia-su-nombre-a-aifec-asociacion-iberica-de-fabricantes-de-etiquetas-en-continuo\/\",\"name\":\"ANFEC cambia su nombre a AIFEC, Asociaci\\u00f3n Ib\\u00e9rica de Fabricantes de Etiquetas en Continuo\"}}]},{\"@type\":\"Person\",\"@id\":\"https:\/\/aifec.eu\/news\/#\/schema\/person\/6d46059818a98ff411aa257d8037e371\",\"name\":\"anfec\",\"image\":{\"@type\":\"ImageObject\",\"@id\":\"https:\/\/aifec.eu\/news\/#personlogo\",\"inLanguage\":\"es\",\"url\":\"http:\/\/0.gravatar.com\/avatar\/fdb5d7427052ec840dd8b6e2cf4db678?s=96&d=mm&r=g\",\"caption\":\"anfec\"}}]}<\/script>\n<!-- \/ Yoast SEO plugin. -->","_links":{"self":[{"href":"http:\/\/aifec.eu\/news\/wp-json\/wp\/v2\/posts\/409"}],"collection":[{"href":"http:\/\/aifec.eu\/news\/wp-json\/wp\/v2\/posts"}],"about":[{"href":"http:\/\/aifec.eu\/news\/wp-json\/wp\/v2\/types\/post"}],"author":[{"embeddable":true,"href":"http:\/\/aifec.eu\/news\/wp-json\/wp\/v2\/users\/1"}],"replies":[{"embeddable":true,"href":"http:\/\/aifec.eu\/news\/wp-json\/wp\/v2\/comments?post=409"}],"version-history":[{"count":1,"href":"http:\/\/aifec.eu\/news\/wp-json\/wp\/v2\/posts\/409\/revisions"}],"predecessor-version":[{"id":412,"href":"http:\/\/aifec.eu\/news\/wp-json\/wp\/v2\/posts\/409\/revisions\/412"}],"wp:featuredmedia":[{"embeddable":true,"href":"http:\/\/aifec.eu\/news\/wp-json\/wp\/v2\/media\/411"}],"wp:attachment":[{"href":"http:\/\/aifec.eu\/news\/wp-json\/wp\/v2\/media?parent=409"}],"wp:term":[{"taxonomy":"category","embeddable":true,"href":"http:\/\/aifec.eu\/news\/wp-json\/wp\/v2\/categories?post=409"},{"taxonomy":"post_tag","embeddable":true,"href":"http:\/\/aifec.eu\/news\/wp-json\/wp\/v2\/tags?post=409"}],"curies":[{"name":"wp","href":"https:\/\/api.w.org\/{rel}","templated":true}]}}