{"id":2415,"date":"2026-03-11T13:26:42","date_gmt":"2026-03-11T13:26:42","guid":{"rendered":"https:\/\/aifec.eu\/news\/?p=2415"},"modified":"2026-03-11T13:26:45","modified_gmt":"2026-03-11T13:26:45","slug":"bobst-nuevos-asociados","status":"publish","type":"post","link":"http:\/\/aifec.eu\/news\/bobst-nuevos-asociados\/","title":{"rendered":"BOBST, nuevos asociados de AIFEC"},"content":{"rendered":"\n<p>Jordi Giralt,\u00a0Responsable Global de la L\u00ednea de Producto de Etiquetas en BOBST, nos cuenta m\u00e1s detalles sobre la compa\u00f1\u00eda y los motivos que les impulsaron para unirse a AIFEC.<\/p>\n\n\n\n<div class=\"wp-block-image\"><figure class=\"aligncenter size-large is-resized\"><img loading=\"lazy\" src=\"https:\/\/aifec.eu\/news\/wp-content\/uploads\/Jordi-Giralt_Responsable-Global-Linea-de-Producto-de-Etiquetas-BOBST-927x1024.png\" alt=\"\" class=\"wp-image-2417\" width=\"299\" height=\"329\" srcset=\"http:\/\/aifec.eu\/news\/wp-content\/uploads\/Jordi-Giralt_Responsable-Global-Linea-de-Producto-de-Etiquetas-BOBST-927x1024.png 927w, http:\/\/aifec.eu\/news\/wp-content\/uploads\/Jordi-Giralt_Responsable-Global-Linea-de-Producto-de-Etiquetas-BOBST-1390x1536.png 1390w, http:\/\/aifec.eu\/news\/wp-content\/uploads\/Jordi-Giralt_Responsable-Global-Linea-de-Producto-de-Etiquetas-BOBST-480x530.png 480w, http:\/\/aifec.eu\/news\/wp-content\/uploads\/Jordi-Giralt_Responsable-Global-Linea-de-Producto-de-Etiquetas-BOBST.png 1447w\" sizes=\"(max-width: 299px) 100vw, 299px\" \/><figcaption>Jordi Giralt, Responsable Global de la L\u00ednea de Producto de Etiquetas en BOBST<\/figcaption><\/figure><\/div>\n\n\n\n<p><strong>1.- \u00bfPodr\u00eda presentarnos un breve hist\u00f3rico de su empresa, los mercados para los que trabaja y las l\u00edneas que considera les diferencia de la competencia?&nbsp;<\/strong><\/p>\n\n\n\n<p>BOBST es uno de los principales proveedores mundiales de equipos y servicios para el procesamiento de sustratos, impresi\u00f3n y conversi\u00f3n en las industrias de etiquetas, embalaje flexible, cart\u00f3n compacto y cart\u00f3n ondulado. Con nuestra oferta cubrimos el 59% del mercado del embalaje.&nbsp;<\/p>\n\n\n\n<p>Proporcionamos maquinaria, servicios y flujos de trabajo innovadores a nuestros clientes, principalmente transformadores y fabricantes de embalaje.<\/p>\n\n\n\n<p>Nuestra visi\u00f3n es dar forma al futuro del mundo del packaging bas\u00e1ndonos en cuatro pilares: conectividad, digitalizaci\u00f3n, automatizaci\u00f3n y sostenibilidad.\u00a0Con una base instalada de m\u00e1s de 30\u202f000 m\u00e1quinas en todo el mundo, el Grupo BOBST cuenta con aproximadamente 6\u202f400 empleados de m\u00e1s de 40 nacionalidades, de los cuales casi la mitad se dedica a ofrecer servicio a nuestros clientes. BOBST Ib\u00e9rica, sede del Grupo en Barcelona, re\u00fane a cerca de 90 profesionales de las \u00e1reas de direcci\u00f3n, ventas, finanzas, marketing, investigaci\u00f3n y desarrollo, junto con un equipo local especializado en servicio t\u00e9cnico y posventa que atiende a nuestros clientes en Espa\u00f1a y Portugal.<\/p>\n\n\n\n<p><strong>2.- Perspectivas<\/strong><\/p>\n\n\n\n<p><strong>\u00bfCu\u00e1les son las metas y proyecciones que su empresa tiene para el pr\u00f3ximo a\u00f1o? \u00bfC\u00f3mo cree que va a evolucionar el sector de la fabricaci\u00f3n de etiquetas en continuo en los pr\u00f3ximos a\u00f1os?<\/strong><\/p>\n\n\n\n<p>Este a\u00f1o ver\u00e1 una mayor expansi\u00f3n del mercado de impresi\u00f3n digital, impulsada por la introducci\u00f3n de equipos de acabado innovadores.&nbsp;<\/p>\n\n\n\n<p>A medida que las marcas con peque\u00f1as tiradas escalen su producci\u00f3n, las soluciones flexogr\u00e1ficas en l\u00ednea complementar\u00e1n las capacidades digitales. Tambi\u00e9n presenciaremos la transici\u00f3n de soluciones de impresi\u00f3n flexogr\u00e1fica anal\u00f3gica en l\u00ednea hacia soluciones flexogr\u00e1ficas altamente automatizadas.<br>Las crecientes expectativas de calidad abrir\u00e1n nichos de mercado, creando oportunidades para aquellos convertidores capaces de ofrecer acabados superiores y personalizaci\u00f3n.<\/p>\n\n\n\n<p><strong>3.- Valor de AIFEC para las empresas del sector<\/strong><\/p>\n\n\n\n<p><strong>\u00bfPor qu\u00e9 considera que es importante para las empresas del sector formar parte de AIFEC y c\u00f3mo cree que va a impactar positivamente en la suya?<\/strong><\/p>\n\n\n\n<p>Formar parte de AIFEC resulta especialmente relevante en el contexto actual del sector de la etiqueta, marcado por presi\u00f3n en m\u00e1rgenes, mayores exigencias en sostenibilidad y eficiencia, y una competencia cada vez m\u00e1s global.&nbsp;<\/p>\n\n\n\n<p>La presencia de fabricantes asi\u00e1ticos a\u00f1ade presi\u00f3n tanto al etiquetero \u2014en t\u00e9rminos de precio y diferenciaci\u00f3n\u2014 como al proveedor tecnol\u00f3gico, que debe responder con m\u00e1s innovaci\u00f3n, productividad y fiabilidad. En este escenario, AIFEC act\u00faa como plataforma de representaci\u00f3n, intercambio de conocimiento, anticipaci\u00f3n regulatoria y alineaci\u00f3n estrat\u00e9gica, fortaleciendo la competitividad colectiva y facilitando una visi\u00f3n sectorial.&nbsp;<\/p>\n\n\n\n<p>Para BOBST, con vocaci\u00f3n de desarrollo tecnol\u00f3gico y soporte 360\u00b0 a nuestros clientes, formar parte de este entorno nos permite mantener un di\u00e1logo directo con el mercado espa\u00f1ol, comprender sus retos reales y adaptar nuestras soluciones a sus necesidades espec\u00edficas. Refuerza, adem\u00e1s, nuestra posici\u00f3n como socio tecnol\u00f3gico de largo plazo comprometido con la modernizaci\u00f3n y solidez del sector.<\/p>\n\n\n\n<figure class=\"wp-block-gallery columns-3 is-cropped\"><ul class=\"blocks-gallery-grid\"><li class=\"blocks-gallery-item\"><figure><img loading=\"lazy\" width=\"1024\" height=\"683\" src=\"https:\/\/aifec.eu\/news\/wp-content\/uploads\/BOBST-Iberica_II-1024x683.jpg\" alt=\"\" data-id=\"2418\" data-link=\"https:\/\/aifec.eu\/news\/?attachment_id=2418\" class=\"wp-image-2418\" srcset=\"http:\/\/aifec.eu\/news\/wp-content\/uploads\/BOBST-Iberica_II-1024x683.jpg 1024w, http:\/\/aifec.eu\/news\/wp-content\/uploads\/BOBST-Iberica_II-300x200.jpg 300w, http:\/\/aifec.eu\/news\/wp-content\/uploads\/BOBST-Iberica_II-768x512.jpg 768w, http:\/\/aifec.eu\/news\/wp-content\/uploads\/BOBST-Iberica_II-1536x1024.jpg 1536w, http:\/\/aifec.eu\/news\/wp-content\/uploads\/BOBST-Iberica_II-2048x1366.jpg 2048w, http:\/\/aifec.eu\/news\/wp-content\/uploads\/BOBST-Iberica_II-480x320.jpg 480w, http:\/\/aifec.eu\/news\/wp-content\/uploads\/BOBST-Iberica_II-750x500.jpg 750w\" sizes=\"(max-width: 1024px) 100vw, 1024px\" \/><\/figure><\/li><li class=\"blocks-gallery-item\"><figure><img loading=\"lazy\" width=\"1024\" height=\"683\" src=\"https:\/\/aifec.eu\/news\/wp-content\/uploads\/BOBST-Digital-Inkjet-Technology-1024x683.jpeg\" alt=\"\" data-id=\"2419\" data-link=\"https:\/\/aifec.eu\/news\/?attachment_id=2419\" class=\"wp-image-2419\" srcset=\"http:\/\/aifec.eu\/news\/wp-content\/uploads\/BOBST-Digital-Inkjet-Technology-1024x683.jpeg 1024w, http:\/\/aifec.eu\/news\/wp-content\/uploads\/BOBST-Digital-Inkjet-Technology-300x200.jpeg 300w, http:\/\/aifec.eu\/news\/wp-content\/uploads\/BOBST-Digital-Inkjet-Technology-768x512.jpeg 768w, http:\/\/aifec.eu\/news\/wp-content\/uploads\/BOBST-Digital-Inkjet-Technology-1536x1024.jpeg 1536w, http:\/\/aifec.eu\/news\/wp-content\/uploads\/BOBST-Digital-Inkjet-Technology-480x320.jpeg 480w, http:\/\/aifec.eu\/news\/wp-content\/uploads\/BOBST-Digital-Inkjet-Technology-750x500.jpeg 750w, http:\/\/aifec.eu\/news\/wp-content\/uploads\/BOBST-Digital-Inkjet-Technology.jpeg 1927w\" sizes=\"(max-width: 1024px) 100vw, 1024px\" \/><\/figure><\/li><li class=\"blocks-gallery-item\"><figure><img loading=\"lazy\" width=\"1024\" height=\"374\" src=\"https:\/\/aifec.eu\/news\/wp-content\/uploads\/BOBST-Group-1024x374.png\" alt=\"\" data-id=\"2422\" data-link=\"https:\/\/aifec.eu\/news\/?attachment_id=2422\" class=\"wp-image-2422\" srcset=\"http:\/\/aifec.eu\/news\/wp-content\/uploads\/BOBST-Group-1024x374.png 1024w, http:\/\/aifec.eu\/news\/wp-content\/uploads\/BOBST-Group-300x110.png 300w, http:\/\/aifec.eu\/news\/wp-content\/uploads\/BOBST-Group-768x281.png 768w, http:\/\/aifec.eu\/news\/wp-content\/uploads\/BOBST-Group-480x175.png 480w, http:\/\/aifec.eu\/news\/wp-content\/uploads\/BOBST-Group.png 1171w\" sizes=\"(max-width: 1024px) 100vw, 1024px\" \/><\/figure><\/li><li class=\"blocks-gallery-item\"><figure><img loading=\"lazy\" width=\"1024\" height=\"375\" src=\"https:\/\/aifec.eu\/news\/wp-content\/uploads\/BOBST-Group_II-1024x375.png\" alt=\"\" data-id=\"2423\" data-full-url=\"https:\/\/aifec.eu\/news\/wp-content\/uploads\/BOBST-Group_II.png\" data-link=\"https:\/\/aifec.eu\/news\/?attachment_id=2423\" class=\"wp-image-2423\" srcset=\"http:\/\/aifec.eu\/news\/wp-content\/uploads\/BOBST-Group_II-1024x375.png 1024w, http:\/\/aifec.eu\/news\/wp-content\/uploads\/BOBST-Group_II-300x110.png 300w, http:\/\/aifec.eu\/news\/wp-content\/uploads\/BOBST-Group_II-768x281.png 768w, http:\/\/aifec.eu\/news\/wp-content\/uploads\/BOBST-Group_II-480x176.png 480w, http:\/\/aifec.eu\/news\/wp-content\/uploads\/BOBST-Group_II.png 1170w\" sizes=\"(max-width: 1024px) 100vw, 1024px\" \/><\/figure><\/li><\/ul><\/figure>\n","protected":false},"excerpt":{"rendered":"<p>Jordi Giralt,\u00a0Responsable Global de la L\u00ednea de Producto de Etiquetas en BOBST, nos cuenta m\u00e1s detalles sobre la compa\u00f1\u00eda y los motivos que les impulsaron para unirse a AIFEC. 1.- \u00bfPodr\u00eda presentarnos un breve hist\u00f3rico de su empresa, los mercados para los que trabaja y las l\u00edneas que considera les diferencia de la competencia?&nbsp; BOBST&hellip;<\/p>\n","protected":false},"author":1,"featured_media":2416,"comment_status":"closed","ping_status":"open","sticky":false,"template":"","format":"standard","meta":[],"categories":[3,7,10],"tags":[],"yoast_head":"<!-- This site is optimized with the Yoast SEO plugin v16.0.2 - https:\/\/yoast.com\/wordpress\/plugins\/seo\/ -->\n<title>BOBST, nuevos asociados de AIFEC - Aifec News<\/title>\n<meta name=\"description\" content=\"Hablamos con Jordi Giralt, responsable global de la l\u00ednea de producto de etiquetas en BOBST, nuevos asociados de AIFEC.\" \/>\n<link rel=\"canonical\" href=\"https:\/\/aifec.eu\/news\/bobst-nuevos-asociados\/\" \/>\n<meta property=\"og:locale\" content=\"es_ES\" \/>\n<meta property=\"og:type\" content=\"article\" \/>\n<meta property=\"og:title\" content=\"BOBST, nuevos asociados de AIFEC - Aifec News\" \/>\n<meta property=\"og:description\" content=\"Hablamos con Jordi Giralt, responsable global de la l\u00ednea de producto de etiquetas en BOBST, nuevos asociados de AIFEC.\" \/>\n<meta property=\"og:url\" content=\"https:\/\/aifec.eu\/news\/bobst-nuevos-asociados\/\" \/>\n<meta property=\"og:site_name\" content=\"Aifec News\" \/>\n<meta property=\"article:published_time\" content=\"2026-03-11T13:26:42+00:00\" \/>\n<meta property=\"article:modified_time\" content=\"2026-03-11T13:26:45+00:00\" \/>\n<meta property=\"og:image\" content=\"http:\/\/aifec.eu\/news\/wp-content\/uploads\/BOBST-Label-Solutions-1024x682.jpg\" \/>\n\t<meta property=\"og:image:width\" content=\"1024\" \/>\n\t<meta property=\"og:image:height\" content=\"682\" \/>\n<meta name=\"twitter:card\" content=\"summary_large_image\" \/>\n<meta name=\"twitter:label1\" content=\"Tiempo de lectura\">\n\t<meta name=\"twitter:data1\" content=\"4 minutos\">\n<script type=\"application\/ld+json\" class=\"yoast-schema-graph\">{\"@context\":\"https:\/\/schema.org\",\"@graph\":[{\"@type\":\"WebSite\",\"@id\":\"https:\/\/aifec.eu\/news\/#website\",\"url\":\"https:\/\/aifec.eu\/news\/\",\"name\":\"Aifec News\",\"description\":\"El peri\\u00f3dico de la industria de etiquetas en continuo\",\"potentialAction\":[{\"@type\":\"SearchAction\",\"target\":\"https:\/\/aifec.eu\/news\/?s={search_term_string}\",\"query-input\":\"required name=search_term_string\"}],\"inLanguage\":\"es\"},{\"@type\":\"ImageObject\",\"@id\":\"https:\/\/aifec.eu\/news\/bobst-nuevos-asociados\/#primaryimage\",\"inLanguage\":\"es\",\"url\":\"http:\/\/aifec.eu\/news\/wp-content\/uploads\/BOBST-Label-Solutions-scaled.jpg\",\"width\":2560,\"height\":1706},{\"@type\":\"WebPage\",\"@id\":\"https:\/\/aifec.eu\/news\/bobst-nuevos-asociados\/#webpage\",\"url\":\"https:\/\/aifec.eu\/news\/bobst-nuevos-asociados\/\",\"name\":\"BOBST, nuevos asociados de AIFEC - Aifec News\",\"isPartOf\":{\"@id\":\"https:\/\/aifec.eu\/news\/#website\"},\"primaryImageOfPage\":{\"@id\":\"https:\/\/aifec.eu\/news\/bobst-nuevos-asociados\/#primaryimage\"},\"datePublished\":\"2026-03-11T13:26:42+00:00\",\"dateModified\":\"2026-03-11T13:26:45+00:00\",\"author\":{\"@id\":\"https:\/\/aifec.eu\/news\/#\/schema\/person\/6d46059818a98ff411aa257d8037e371\"},\"description\":\"Hablamos con Jordi Giralt, responsable global de la l\\u00ednea de producto de etiquetas en BOBST, nuevos asociados de AIFEC.\",\"breadcrumb\":{\"@id\":\"https:\/\/aifec.eu\/news\/bobst-nuevos-asociados\/#breadcrumb\"},\"inLanguage\":\"es\",\"potentialAction\":[{\"@type\":\"ReadAction\",\"target\":[\"https:\/\/aifec.eu\/news\/bobst-nuevos-asociados\/\"]}]},{\"@type\":\"BreadcrumbList\",\"@id\":\"https:\/\/aifec.eu\/news\/bobst-nuevos-asociados\/#breadcrumb\",\"itemListElement\":[{\"@type\":\"ListItem\",\"position\":1,\"item\":{\"@type\":\"WebPage\",\"@id\":\"https:\/\/aifec.eu\/news\/\",\"url\":\"https:\/\/aifec.eu\/news\/\",\"name\":\"Portada\"}},{\"@type\":\"ListItem\",\"position\":2,\"item\":{\"@type\":\"WebPage\",\"@id\":\"https:\/\/aifec.eu\/news\/bobst-nuevos-asociados\/\",\"url\":\"https:\/\/aifec.eu\/news\/bobst-nuevos-asociados\/\",\"name\":\"BOBST, nuevos asociados de AIFEC\"}}]},{\"@type\":\"Person\",\"@id\":\"https:\/\/aifec.eu\/news\/#\/schema\/person\/6d46059818a98ff411aa257d8037e371\",\"name\":\"anfec\",\"image\":{\"@type\":\"ImageObject\",\"@id\":\"https:\/\/aifec.eu\/news\/#personlogo\",\"inLanguage\":\"es\",\"url\":\"http:\/\/0.gravatar.com\/avatar\/fdb5d7427052ec840dd8b6e2cf4db678?s=96&d=mm&r=g\",\"caption\":\"anfec\"}}]}<\/script>\n<!-- \/ Yoast SEO plugin. -->","_links":{"self":[{"href":"http:\/\/aifec.eu\/news\/wp-json\/wp\/v2\/posts\/2415"}],"collection":[{"href":"http:\/\/aifec.eu\/news\/wp-json\/wp\/v2\/posts"}],"about":[{"href":"http:\/\/aifec.eu\/news\/wp-json\/wp\/v2\/types\/post"}],"author":[{"embeddable":true,"href":"http:\/\/aifec.eu\/news\/wp-json\/wp\/v2\/users\/1"}],"replies":[{"embeddable":true,"href":"http:\/\/aifec.eu\/news\/wp-json\/wp\/v2\/comments?post=2415"}],"version-history":[{"count":1,"href":"http:\/\/aifec.eu\/news\/wp-json\/wp\/v2\/posts\/2415\/revisions"}],"predecessor-version":[{"id":2424,"href":"http:\/\/aifec.eu\/news\/wp-json\/wp\/v2\/posts\/2415\/revisions\/2424"}],"wp:featuredmedia":[{"embeddable":true,"href":"http:\/\/aifec.eu\/news\/wp-json\/wp\/v2\/media\/2416"}],"wp:attachment":[{"href":"http:\/\/aifec.eu\/news\/wp-json\/wp\/v2\/media?parent=2415"}],"wp:term":[{"taxonomy":"category","embeddable":true,"href":"http:\/\/aifec.eu\/news\/wp-json\/wp\/v2\/categories?post=2415"},{"taxonomy":"post_tag","embeddable":true,"href":"http:\/\/aifec.eu\/news\/wp-json\/wp\/v2\/tags?post=2415"}],"curies":[{"name":"wp","href":"https:\/\/api.w.org\/{rel}","templated":true}]}}