{"id":1336,"date":"2022-01-20T11:39:21","date_gmt":"2022-01-20T11:39:21","guid":{"rendered":"http:\/\/aifec.eu\/news\/?p=1336"},"modified":"2022-02-28T13:09:32","modified_gmt":"2022-02-28T13:09:32","slug":"pickpack-se-centrara-en-la-transformacion-digital-del-8-al-10-de-febrero-en-madrid","status":"publish","type":"post","link":"http:\/\/aifec.eu\/news\/pickpack-se-centrara-en-la-transformacion-digital-del-8-al-10-de-febrero-en-madrid\/","title":{"rendered":"Pick&#038;Pack se centrar\u00e1 en la transformaci\u00f3n digital del 8 al 10 de febrero en Madrid"},"content":{"rendered":"\n<p>Como colaboradores de <a href=\"https:\/\/www.pickpackexpo.com\">Pick&amp;Pack 2022<\/a>, es un placer invitarte a Pick&amp;Pack 2022, el mayor evento de innovaci\u00f3n del sector del packaging y la intralog\u00edstica que se celebrar\u00e1 del 8 al 10 de febrero en Madrid \u2013 IFEMA.<\/p>\n\n\n\n<p>Durante 3 d\u00edas m\u00e1s de&nbsp;<strong>200 firmas expositoras&nbsp;<\/strong>acudir\u00e1n a Pick&amp;Pack a descubrir las \u00faltimas soluciones, tendencias y productos espec\u00edficos para cada segmento de la industria de la mano de los l\u00edderes y m\u00e1s de 300 innovaciones.<\/p>\n\n\n\n<div class=\"wp-block-image\"><figure class=\"aligncenter size-large\"><img loading=\"lazy\" width=\"589\" height=\"214\" src=\"http:\/\/aifec.eu\/news\/wp-content\/uploads\/PicknPack.png\" alt=\"\" class=\"wp-image-1338\" srcset=\"http:\/\/aifec.eu\/news\/wp-content\/uploads\/PicknPack.png 589w, http:\/\/aifec.eu\/news\/wp-content\/uploads\/PicknPack-300x109.png 300w, http:\/\/aifec.eu\/news\/wp-content\/uploads\/PicknPack-480x174.png 480w\" sizes=\"(max-width: 589px) 100vw, 589px\" \/><\/figure><\/div>\n\n\n\n<p>PICK&amp;PACK a\u00fana en su propuesta el European Intralogistics Summit y el Congreso Nacional de Packaging 4.0 con celebraci\u00f3n simult\u00e1nea durante los tres d\u00edas, junto a una zona expositiva de m\u00e1s de 12.000 m2, d\u00f3nde participan las empresas l\u00edderes en innovaci\u00f3n.<\/p>\n\n\n\n<p>El evento acoge tambi\u00e9n los encuentros l\u00edderes del sector gran consumo, como son el IX Encuentro Alimarket Log\u00edstica Gran Consumo y el VI Encuentro Alimarket Soluciones Envasado Gran Consumo, en el que m\u00e1s de&nbsp;<strong>160 expertos<\/strong>&nbsp;mostrar\u00e1n nuevas competencias, estrategias, soluciones y modelos de negocio para&nbsp;<strong>impulsar las ventas.<\/strong><\/p>\n\n\n\n<p>La oferta de networking, business y ocio se complementa con otros muchos eventos sat\u00e9lite, entre los que destacan el Leadership Summit, los Smart Logistics &amp; Packaging Awards 2022, los tours tecnol\u00f3gico o el Pick&amp;Pack Startup Forum.<\/p>\n\n\n\n<p><strong><u>PICK&amp;PACK 2022 se convierte en una cita indispensable para cualquier profesional que quiera impulsar la actividad de su negocio<a>&nbsp;de packaging e intralog\u00edstica<\/a><\/u><\/strong>.<\/p>\n","protected":false},"excerpt":{"rendered":"<p>Como colaboradores de Pick&amp;Pack 2022, es un placer invitarte a Pick&amp;Pack 2022, el mayor evento de innovaci\u00f3n del sector del packaging y la intralog\u00edstica que se celebrar\u00e1 del 8 al 10 de febrero en Madrid \u2013 IFEMA. Durante 3 d\u00edas m\u00e1s de&nbsp;200 firmas expositoras&nbsp;acudir\u00e1n a Pick&amp;Pack a descubrir las \u00faltimas soluciones, tendencias y productos espec\u00edficos&hellip;<\/p>\n","protected":false},"author":1,"featured_media":1337,"comment_status":"closed","ping_status":"open","sticky":false,"template":"","format":"standard","meta":[],"categories":[2,4],"tags":[],"yoast_head":"<!-- This site is optimized with the Yoast SEO plugin v16.0.2 - https:\/\/yoast.com\/wordpress\/plugins\/seo\/ -->\n<title>Pick&amp;Pack se centrar\u00e1 en la transformaci\u00f3n digital del 8 al 10 de febrero en Madrid - Aifec News<\/title>\n<meta name=\"description\" content=\"Como colaboradores de Pick&amp;Pack 2022, es un placer invitarte a Pick&amp;Pack 2022, el mayor evento de innovaci\u00f3n del sector del packaging y la intralog\u00edstica que se celebrar\u00e1 del 8 al 10 de febrero en Madrid \u2013 IFEMA.\" \/>\n<link rel=\"canonical\" href=\"http:\/\/aifec.eu\/news\/pickpack-se-centrara-en-la-transformacion-digital-del-8-al-10-de-febrero-en-madrid\/\" \/>\n<meta property=\"og:locale\" content=\"es_ES\" \/>\n<meta property=\"og:type\" content=\"article\" \/>\n<meta property=\"og:title\" content=\"Pick&amp;Pack se centrar\u00e1 en la transformaci\u00f3n digital del 8 al 10 de febrero en Madrid - Aifec News\" \/>\n<meta property=\"og:description\" content=\"Como colaboradores de Pick&amp;Pack 2022, es un placer invitarte a Pick&amp;Pack 2022, el mayor evento de innovaci\u00f3n del sector del packaging y la intralog\u00edstica que se celebrar\u00e1 del 8 al 10 de febrero en Madrid \u2013 IFEMA.\" \/>\n<meta property=\"og:url\" content=\"http:\/\/aifec.eu\/news\/pickpack-se-centrara-en-la-transformacion-digital-del-8-al-10-de-febrero-en-madrid\/\" \/>\n<meta property=\"og:site_name\" content=\"Aifec News\" \/>\n<meta property=\"article:published_time\" content=\"2022-01-20T11:39:21+00:00\" \/>\n<meta property=\"article:modified_time\" content=\"2022-02-28T13:09:32+00:00\" \/>\n<meta property=\"og:image\" content=\"http:\/\/aifec.eu\/news\/wp-content\/uploads\/49897700182_f349335f1a_k.jpg\" \/>\n\t<meta property=\"og:image:width\" content=\"2048\" \/>\n\t<meta property=\"og:image:height\" content=\"1365\" \/>\n<meta name=\"twitter:card\" content=\"summary_large_image\" \/>\n<meta name=\"twitter:label1\" content=\"Tiempo de lectura\">\n\t<meta name=\"twitter:data1\" content=\"2 minutos\">\n<script type=\"application\/ld+json\" class=\"yoast-schema-graph\">{\"@context\":\"https:\/\/schema.org\",\"@graph\":[{\"@type\":\"WebSite\",\"@id\":\"https:\/\/aifec.eu\/news\/#website\",\"url\":\"https:\/\/aifec.eu\/news\/\",\"name\":\"Aifec News\",\"description\":\"El peri\\u00f3dico de la industria de etiquetas en continuo\",\"potentialAction\":[{\"@type\":\"SearchAction\",\"target\":\"https:\/\/aifec.eu\/news\/?s={search_term_string}\",\"query-input\":\"required name=search_term_string\"}],\"inLanguage\":\"es\"},{\"@type\":\"ImageObject\",\"@id\":\"http:\/\/aifec.eu\/news\/pickpack-se-centrara-en-la-transformacion-digital-del-8-al-10-de-febrero-en-madrid\/#primaryimage\",\"inLanguage\":\"es\",\"url\":\"http:\/\/aifec.eu\/news\/wp-content\/uploads\/49897700182_f349335f1a_k.jpg\",\"width\":2048,\"height\":1365,\"caption\":\"PICK&PACK 2022\"},{\"@type\":\"WebPage\",\"@id\":\"http:\/\/aifec.eu\/news\/pickpack-se-centrara-en-la-transformacion-digital-del-8-al-10-de-febrero-en-madrid\/#webpage\",\"url\":\"http:\/\/aifec.eu\/news\/pickpack-se-centrara-en-la-transformacion-digital-del-8-al-10-de-febrero-en-madrid\/\",\"name\":\"Pick&Pack se centrar\\u00e1 en la transformaci\\u00f3n digital del 8 al 10 de febrero en Madrid - Aifec News\",\"isPartOf\":{\"@id\":\"https:\/\/aifec.eu\/news\/#website\"},\"primaryImageOfPage\":{\"@id\":\"http:\/\/aifec.eu\/news\/pickpack-se-centrara-en-la-transformacion-digital-del-8-al-10-de-febrero-en-madrid\/#primaryimage\"},\"datePublished\":\"2022-01-20T11:39:21+00:00\",\"dateModified\":\"2022-02-28T13:09:32+00:00\",\"author\":{\"@id\":\"https:\/\/aifec.eu\/news\/#\/schema\/person\/6d46059818a98ff411aa257d8037e371\"},\"description\":\"Como colaboradores de Pick&Pack 2022, es un placer invitarte a Pick&Pack 2022, el mayor evento de innovaci\\u00f3n del sector del packaging y la intralog\\u00edstica que se celebrar\\u00e1 del 8 al 10 de febrero en Madrid \\u2013 IFEMA.\",\"breadcrumb\":{\"@id\":\"http:\/\/aifec.eu\/news\/pickpack-se-centrara-en-la-transformacion-digital-del-8-al-10-de-febrero-en-madrid\/#breadcrumb\"},\"inLanguage\":\"es\",\"potentialAction\":[{\"@type\":\"ReadAction\",\"target\":[\"http:\/\/aifec.eu\/news\/pickpack-se-centrara-en-la-transformacion-digital-del-8-al-10-de-febrero-en-madrid\/\"]}]},{\"@type\":\"BreadcrumbList\",\"@id\":\"http:\/\/aifec.eu\/news\/pickpack-se-centrara-en-la-transformacion-digital-del-8-al-10-de-febrero-en-madrid\/#breadcrumb\",\"itemListElement\":[{\"@type\":\"ListItem\",\"position\":1,\"item\":{\"@type\":\"WebPage\",\"@id\":\"https:\/\/aifec.eu\/news\/\",\"url\":\"https:\/\/aifec.eu\/news\/\",\"name\":\"Portada\"}},{\"@type\":\"ListItem\",\"position\":2,\"item\":{\"@type\":\"WebPage\",\"@id\":\"http:\/\/aifec.eu\/news\/pickpack-se-centrara-en-la-transformacion-digital-del-8-al-10-de-febrero-en-madrid\/\",\"url\":\"http:\/\/aifec.eu\/news\/pickpack-se-centrara-en-la-transformacion-digital-del-8-al-10-de-febrero-en-madrid\/\",\"name\":\"Pick&#038;Pack se centrar\\u00e1 en la transformaci\\u00f3n digital del 8 al 10 de febrero en Madrid\"}}]},{\"@type\":\"Person\",\"@id\":\"https:\/\/aifec.eu\/news\/#\/schema\/person\/6d46059818a98ff411aa257d8037e371\",\"name\":\"anfec\",\"image\":{\"@type\":\"ImageObject\",\"@id\":\"https:\/\/aifec.eu\/news\/#personlogo\",\"inLanguage\":\"es\",\"url\":\"http:\/\/0.gravatar.com\/avatar\/fdb5d7427052ec840dd8b6e2cf4db678?s=96&d=mm&r=g\",\"caption\":\"anfec\"}}]}<\/script>\n<!-- \/ Yoast SEO plugin. -->","_links":{"self":[{"href":"http:\/\/aifec.eu\/news\/wp-json\/wp\/v2\/posts\/1336"}],"collection":[{"href":"http:\/\/aifec.eu\/news\/wp-json\/wp\/v2\/posts"}],"about":[{"href":"http:\/\/aifec.eu\/news\/wp-json\/wp\/v2\/types\/post"}],"author":[{"embeddable":true,"href":"http:\/\/aifec.eu\/news\/wp-json\/wp\/v2\/users\/1"}],"replies":[{"embeddable":true,"href":"http:\/\/aifec.eu\/news\/wp-json\/wp\/v2\/comments?post=1336"}],"version-history":[{"count":2,"href":"http:\/\/aifec.eu\/news\/wp-json\/wp\/v2\/posts\/1336\/revisions"}],"predecessor-version":[{"id":1407,"href":"http:\/\/aifec.eu\/news\/wp-json\/wp\/v2\/posts\/1336\/revisions\/1407"}],"wp:featuredmedia":[{"embeddable":true,"href":"http:\/\/aifec.eu\/news\/wp-json\/wp\/v2\/media\/1337"}],"wp:attachment":[{"href":"http:\/\/aifec.eu\/news\/wp-json\/wp\/v2\/media?parent=1336"}],"wp:term":[{"taxonomy":"category","embeddable":true,"href":"http:\/\/aifec.eu\/news\/wp-json\/wp\/v2\/categories?post=1336"},{"taxonomy":"post_tag","embeddable":true,"href":"http:\/\/aifec.eu\/news\/wp-json\/wp\/v2\/tags?post=1336"}],"curies":[{"name":"wp","href":"https:\/\/api.w.org\/{rel}","templated":true}]}}